{"id":13,"date":"2021-01-16T04:33:27","date_gmt":"2021-01-16T04:33:27","guid":{"rendered":"https:\/\/qeso.es\/noticias\/index.php\/2021\/01\/16\/como-crear-un-ambiente-de-oficina-para-mejorar-la-productividad\/"},"modified":"2021-03-08T14:23:19","modified_gmt":"2021-03-08T14:23:19","slug":"como-crear-un-ambiente-de-oficina-para-mejorar-la-productividad","status":"publish","type":"post","link":"https:\/\/qeso.es\/noticias\/como-crear-un-ambiente-de-oficina-para-mejorar-la-productividad\/","title":{"rendered":"\u00bfC\u00f3mo Crear un Ambiente de Oficina para Mejorar la Productividad?"},"content":{"rendered":"\r\n<p>&nbsp;<\/p>\r\n\r\n\r\n\r\n<figure class=\"wp-block-image\"><img loading=\"lazy\" decoding=\"async\" class=\"aligncenter wp-image-31 size-large\" src=\"https:\/\/qeso.es\/noticias\/wp-content\/uploads\/2021\/03\/02_Imagen-1-1024x683.jpg\" alt=\"ambiente laboral qeso\" width=\"740\" height=\"494\" srcset=\"https:\/\/qeso.es\/noticias\/wp-content\/uploads\/2021\/03\/02_Imagen-1-1024x683.jpg 1024w, https:\/\/qeso.es\/noticias\/wp-content\/uploads\/2021\/03\/02_Imagen-1-300x200.jpg 300w, https:\/\/qeso.es\/noticias\/wp-content\/uploads\/2021\/03\/02_Imagen-1-768x512.jpg 768w, https:\/\/qeso.es\/noticias\/wp-content\/uploads\/2021\/03\/02_Imagen-1-1536x1024.jpg 1536w, https:\/\/qeso.es\/noticias\/wp-content\/uploads\/2021\/03\/02_Imagen-1-2048x1365.jpg 2048w, https:\/\/qeso.es\/noticias\/wp-content\/uploads\/2021\/03\/02_Imagen-1-1568x1045.jpg 1568w\" sizes=\"auto, (max-width: 740px) 100vw, 740px\" \/><\/figure>\r\n\r\n\r\n\r\n<p>Los espacios de oficina exitosos reflejan la esencia progresista y emprendedora de sus trabajadores. Pues la verdadera ciencia detr\u00e1s del dise\u00f1o inteligente de una oficina, aumenta su productividad. Lo cual conlleva a trabajadores adaptables, intuitivos y siempre cambiantes debido a la din\u00e1mica tecnol\u00f3gica y variante que vivimos actualmente. Por lo tanto, en este post, descubrir\u00e1s todo lo que realmente necesitas conocer para <strong>aumentar la productividad en un ambiente de oficina<\/strong>.<\/p>\r\n\r\n\r\n\r\n<h2 class=\"wp-block-heading\">Factores Claves\u00a0de Dise\u00f1o que no Deben Faltar en tu Oficina<\/h2>\r\n\r\n\r\n\r\n<figure class=\"wp-block-image\"><img loading=\"lazy\" decoding=\"async\" class=\"aligncenter wp-image-32 size-large\" src=\"https:\/\/qeso.es\/noticias\/wp-content\/uploads\/2021\/03\/02_Imagen-2-1024x512.jpg\" alt=\"dise\u00f1o qeso\" width=\"740\" height=\"370\" srcset=\"https:\/\/qeso.es\/noticias\/wp-content\/uploads\/2021\/03\/02_Imagen-2-1024x512.jpg 1024w, https:\/\/qeso.es\/noticias\/wp-content\/uploads\/2021\/03\/02_Imagen-2-300x150.jpg 300w, https:\/\/qeso.es\/noticias\/wp-content\/uploads\/2021\/03\/02_Imagen-2-768x384.jpg 768w, https:\/\/qeso.es\/noticias\/wp-content\/uploads\/2021\/03\/02_Imagen-2.jpg 1200w\" sizes=\"auto, (max-width: 740px) 100vw, 740px\" \/><\/figure>\r\n\r\n\r\n\r\n<p>El grupo de ventas privadas dedicadas al bricolaje, jardiner\u00eda y el hogar, Brico Priv\u00e9, ha realizado investigaciones. En estas, encontramos los siguientes <strong>factores que mejoran la productividad<\/strong> creando un agradable ambiente de oficina:<\/p>\r\n\r\n\r\n\r\n<ul class=\"wp-block-list\">\r\n<li>Las Ventanas y la Luminotecnia<\/li>\r\n<\/ul>\r\n\r\n\r\n\r\n<p>Deben imitar en la medida de lo posible la luz del d\u00eda, por lo que\u00a0ser\u00edan excelentes bombillas con una luz c\u00e1lida y suave.\u00a0Esto permitir\u00e1 <strong>reducir la fatiga de ojos<\/strong> y dolores de cabeza de los trabajadores.<\/p>\r\n\r\n\r\n\r\n<ul class=\"wp-block-list\">\r\n<li>La Psicolog\u00eda del Color<\/li>\r\n<\/ul>\r\n\r\n\r\n\r\n<p>El color\u00a0verde\u00a0como el\u00a0azul\u00a0<strong>proporciona estabilidad<\/strong> y han demostrado impulsar la productividad y creatividad al generar nuevas ideas. En cambio, el\u00a0rojo, es un color m\u00e1s intenso emocionalmente y est\u00e1 vinculado a tareas que requieren mucha atenci\u00f3n a los detalles. Mientras que, el\u00a0amarillo\u00a0y el\u00a0rosa\u00a0tiende a producir efectos calmantes.<\/p>\r\n\r\n\r\n\r\n<ul class=\"wp-block-list\">\r\n<li>Crea Espacios para Charlas Informales<\/li>\r\n<\/ul>\r\n\r\n\r\n\r\n<p>Los <strong>espacios de descanso<\/strong> no son solo para que los empleados coman, sino que son cruciales para que los empleados puedan desconectarse del trabajo. Adem\u00e1s, de cambiar de escenario durante un rato y desenvolverse en un ambiente informal y distendido.\u00a0Estas \u00e1reas ayudar\u00e1n a romper\u00a0las barreras de la comunicaci\u00f3n\u00a0entre los empleados, fomentando la espontaneidad y la creatividad\u00a0en la oficina.<\/p>\r\n\r\n\r\n\r\n<ul class=\"wp-block-list\">\r\n<li>Los Espacios<\/li>\r\n<\/ul>\r\n\r\n\r\n\r\n<p>Se debe entender que el\u00a0espacio es una herramienta poderosa para fomentar el compromiso en una oficina. Destacando que, tambi\u00e9n inspiran la innovaci\u00f3n e <strong>impulsan la productividad<\/strong> mediante t\u00e9cnicas sencillas de distribuci\u00f3n de objetos ergon\u00f3micos.<\/p>\r\n\r\n\r\n\r\n<ul class=\"wp-block-list\">\r\n<li>Vistas a Espacios con Naturaleza<\/li>\r\n<\/ul>\r\n\r\n\r\n\r\n<p>La vista desde las ventanas de la oficina deber\u00eda ser un factor muy relevante en el momento de escoger ese <strong>espacio vital<\/strong>. Las vistas hacia \u00e1rboles, parques o incluso un extraordinario edificio arquitect\u00f3nico aportar\u00e1 muchos beneficios.<\/p>\r\n\r\n\r\n\r\n<ul class=\"wp-block-list\">\r\n<li>Decoraci\u00f3n Natural<\/li>\r\n<\/ul>\r\n\r\n\r\n\r\n<p>Una <strong>decoraci\u00f3n natural<\/strong> no solo es un recurso decorativo, sino que tambi\u00e9n psicol\u00f3gicamente ayuda a reducir el estr\u00e9s, generando sentimientos placenteros incentivando la productividad.<\/p>\r\n\r\n\r\n\r\n<ul class=\"wp-block-list\">\r\n<li>Invierte en Inmobiliario<\/li>\r\n<\/ul>\r\n\r\n\r\n\r\n<p>Muchas compa\u00f1\u00edas deciden escatimar en <strong>inmobiliario<\/strong> debido a que disponen de un bajo presupuesto. Sin embargo,\u00a0ahorrar dinero en los muebles que ocupar\u00e1n tus empleados la mayor parte de sus d\u00edas puede resultar contraproducente\u00a0caus\u00e1ndote problemas a largo plazo. Como, por ejemplo, problemas de espalda, dolores de cuello, ausentismo, entre otras. \u00a0<\/p>\r\n\r\n\r\n\r\n<p>Por ende, si al dise\u00f1o de tu oficina ideal, le sumas las <strong>estrategias adecuadas<\/strong> para fomentar el bienestar de tus trabajadores. Seguro conseguir\u00e1s crear el ambiente id\u00f3neo\u00a0para lograr todos los objetivos que te propongas, incrementando de forma t\u00e1cita la productividad de tu empresa.\u00a0<\/p>\r\n","protected":false},"excerpt":{"rendered":"<p>&nbsp; Los espacios de oficina exitosos reflejan la esencia progresista y emprendedora de sus trabajadores. Pues&#46;&#46;&#46;<\/p>\n","protected":false},"author":1,"featured_media":31,"comment_status":"open","ping_status":"open","sticky":false,"template":"","format":"standard","meta":{"footnotes":""},"categories":[2],"tags":[],"class_list":["post-13","post","type-post","status-publish","format-standard","has-post-thumbnail","hentry","category-consejos"],"_links":{"self":[{"href":"https:\/\/qeso.es\/noticias\/wp-json\/wp\/v2\/posts\/13","targetHints":{"allow":["GET"]}}],"collection":[{"href":"https:\/\/qeso.es\/noticias\/wp-json\/wp\/v2\/posts"}],"about":[{"href":"https:\/\/qeso.es\/noticias\/wp-json\/wp\/v2\/types\/post"}],"author":[{"embeddable":true,"href":"https:\/\/qeso.es\/noticias\/wp-json\/wp\/v2\/users\/1"}],"replies":[{"embeddable":true,"href":"https:\/\/qeso.es\/noticias\/wp-json\/wp\/v2\/comments?post=13"}],"version-history":[{"count":2,"href":"https:\/\/qeso.es\/noticias\/wp-json\/wp\/v2\/posts\/13\/revisions"}],"predecessor-version":[{"id":285,"href":"https:\/\/qeso.es\/noticias\/wp-json\/wp\/v2\/posts\/13\/revisions\/285"}],"wp:featuredmedia":[{"embeddable":true,"href":"https:\/\/qeso.es\/noticias\/wp-json\/wp\/v2\/media\/31"}],"wp:attachment":[{"href":"https:\/\/qeso.es\/noticias\/wp-json\/wp\/v2\/media?parent=13"}],"wp:term":[{"taxonomy":"category","embeddable":true,"href":"https:\/\/qeso.es\/noticias\/wp-json\/wp\/v2\/categories?post=13"},{"taxonomy":"post_tag","embeddable":true,"href":"https:\/\/qeso.es\/noticias\/wp-json\/wp\/v2\/tags?post=13"}],"curies":[{"name":"wp","href":"https:\/\/api.w.org\/{rel}","templated":true}]}}