{"id":20,"date":"2021-02-04T16:43:23","date_gmt":"2021-02-04T16:43:23","guid":{"rendered":"https:\/\/qeso.es\/noticias\/index.php\/2021\/02\/04\/bases-de-cotizacion\/"},"modified":"2021-03-08T14:38:22","modified_gmt":"2021-03-08T14:38:22","slug":"bases-de-cotizacion","status":"publish","type":"post","link":"https:\/\/qeso.es\/noticias\/bases-de-cotizacion\/","title":{"rendered":"Bases de cotizaci\u00f3n"},"content":{"rendered":"<p><img loading=\"lazy\" decoding=\"async\" class=\"aligncenter wp-image-30 size-full\" src=\"https:\/\/qeso.es\/noticias\/wp-content\/uploads\/2021\/03\/1-e1593682021527.jpg\" alt=\"bases cotizacion qeso\" width=\"750\" height=\"399\" srcset=\"https:\/\/qeso.es\/noticias\/wp-content\/uploads\/2021\/03\/1-e1593682021527.jpg 750w, https:\/\/qeso.es\/noticias\/wp-content\/uploads\/2021\/03\/1-e1593682021527-300x160.jpg 300w\" sizes=\"auto, (max-width: 750px) 100vw, 750px\" \/><\/p>\n<p>La <strong>base de cotizaci\u00f3n<\/strong>\u00a0es la conocida\u00a0<strong>remuneraci\u00f3n mensual<\/strong>\u00a0que se recibe al ser trabajador. Es la cantidad bruta, en la que, adem\u00e1s, se refleja las\u00a0<strong>pagas extra prorrateadas<\/strong>.<\/p>\n<p>Anualmente, la\u00a0<strong>ley establece unos topes<\/strong>\u00a0que considera oportunos ordenados en base a las categor\u00edas profesionales y otorga a todas ellas una\u00a0<strong>cantidad m\u00ednima y m\u00e1xima<\/strong>. Cada categor\u00eda profesional tiene una cantidad m\u00ednima y una m\u00e1xima.<\/p>\n<p>Por lo tanto, se considera la base de cotizaci\u00f3n como uno de los\u00a0<strong>aspectos m\u00e1s importantes<\/strong>\u00a0a la hora de\u00a0<strong>revisar las n\u00f3minas<\/strong>\u00a0y la\u00a0<strong>vida laboral<\/strong>.<\/p>\n<p>Despu\u00e9s de realizar el c\u00e1lculo se recibe una serie de\u00a0<strong>prestaciones<\/strong>\u00a0en las que, el <strong>sistema de la Seguridad Social, <\/strong>paga a cada uno de los trabajadores e inscritos a la S. Social. Si la base de cotizaci\u00f3n es alta, mayor ser\u00e1 la cantidad y probabilidad de que se pueda recibir alg\u00fan tipo de prestaci\u00f3n y a la inversa.<\/p>\n<h2><strong>Principales prestaciones afectadas por la base de cotizaci\u00f3n<\/strong><\/h2>\n<ul>\n<li><strong>Prestaci\u00f3n de desempleo:<\/strong>\u00a0 Es la prestaci\u00f3n que se percibe por el conocido \u2018paro\u2019\u2019, esta prestaci\u00f3n se cobra en funci\u00f3n de la base\u00a0<strong>de cotizaci\u00f3n acumulada<\/strong>\u00a0por nosotros como trabajadores en los\u00a0<strong>\u00faltimos 180 d\u00edas en activo.<\/strong><\/li>\n<li><strong>Incapacidad temporal:<\/strong>\u00a0Tambi\u00e9n conocida como la\u00a0<strong>\u2018\u2019baja\u2019\u2019<\/strong>, se ve tambi\u00e9n afectada por el\u00a0<strong>importe acumulado durante la cotizaci\u00f3n<\/strong>. En la que, cuanto m\u00e1s tiempo estemos en activo y cotizando, la cantidad de la remuneraci\u00f3n que percibiremos por esa prestaci\u00f3n, ser\u00e1 mayor.<\/li>\n<li><strong>Jubilaci\u00f3n contributiva:<\/strong>\u00a0Su c\u00e1lculo viene de\u00a0<strong>toda la actividad laboral<\/strong>\u00a0de los\u00a0<strong>\u00faltimos a\u00f1os del trabajador<\/strong>. Normalmente, debemos alcanzar un m\u00ednimo de a\u00f1os para ser aptos para la misma.<\/li>\n<\/ul>\n<p>Algo a tener en cuenta es que, si nuestra\u00a0<strong>base de cotizaci\u00f3n es baja<\/strong>, en consecuencia, nuestro paro, baja o jubilaci\u00f3n tambi\u00e9n ser\u00e1 baja.<\/p>\n<p>Tambi\u00e9n es muy importante que si el trabajador percibe un <strong>plus <\/strong>que no est\u00e1 dentro de su base de cotizaci\u00f3n, de ninguna manera le servir\u00e1 para aumentar su <strong>remuneraci\u00f3n por prestaci\u00f3n<\/strong>\u00a0en un futuro.<\/p>\n<h2><strong>Quienes est\u00e1n obligados a cotizar a la Seguridad Social<\/strong><\/h2>\n<p>Dentro del \u00e1mbito de la Seguridad Social se encuentran incluidos, sin importar sexo, profesi\u00f3n o estado civil, todos los espa\u00f1oles que residen en Espa\u00f1a y aquellos extranjeros que legalmente residen en Espa\u00f1a.<\/p>\n<p>En estos casos y siempre que realicen cualquier actividad dentro de Espa\u00f1a, cotizar\u00e1n a la Seguridad Social. Para verlo de forma clara, veamos qui\u00e9nes deben cotizar a la Seguridad Social:<\/p>\n<ul>\n<li>Trabajadores por cuenta ajena.<\/li>\n<li>Aut\u00f3nomos (trabajadores por cuenta propia).<\/li>\n<li>Socios trabajadores en cooperativas.<\/li>\n<li>Estudiantes.<\/li>\n<li>Funcionarios p\u00fablicos civiles o militares.<\/li>\n<\/ul>\n<h2><strong>Los reg\u00edmenes de cotizaci\u00f3n<\/strong><\/h2>\n<p>Encontramos diferentes reg\u00edmenes de cotizaci\u00f3n que corresponden a actividades de diferente naturaleza. No obstante, todos y cada uno de ellos vienen a estar sujetos al cumplimiento de la misma normativa (excepto las peculiaridades expresas de cada uno) y pertenecen dentro del mismo sistema en que las cotizaciones computan de igual manera, aunque, a lo largo de nuestra vida laboral, cambiemos de r\u00e9gimen. Los reg\u00edmenes de cotizaci\u00f3n son:<\/p>\n<ul>\n<li><strong>R\u00e9gimen General<\/strong>: Siendo el principal, en \u00e9l se incluye a la mayor\u00eda de los trabajadores. Dentro de este r\u00e9gimen encontramos diferentes sistemas especiales: Artistas, Empleados del Hogar y R\u00e9gimen Especial Agrario.<\/li>\n<li><strong>R\u00e9gimen Especial de Trabajadores por cuenta propia o Aut\u00f3nomos (RETA)<\/strong>: En el que se incluyen a los trabajadores que son mayores de 18 a\u00f1os y que no est\u00e1n sujetos a un contrato laboral y realizan una actividad econ\u00f3mica.<\/li>\n<li><strong>R\u00e9gimen Especial de Trabajadores del Mar.<\/strong><\/li>\n<li><strong>R\u00e9gimen Especial de Miner\u00eda del Carb\u00f3n.<\/strong><\/li>\n<li><strong>Seguro Escolar.<\/strong><\/li>\n<\/ul>\n<p>Las personas que se incluyen aqu\u00ed, a cambio de su trabajo, reciben prestaciones que son contributivas a la Seguridad social.<\/p>\n<p><img loading=\"lazy\" decoding=\"async\" class=\"aligncenter wp-image-33 size-full\" src=\"https:\/\/qeso.es\/noticias\/wp-content\/uploads\/2021\/03\/2.jpg\" alt=\"\" width=\"550\" height=\"340\" srcset=\"https:\/\/qeso.es\/noticias\/wp-content\/uploads\/2021\/03\/2.jpg 550w, https:\/\/qeso.es\/noticias\/wp-content\/uploads\/2021\/03\/2-300x185.jpg 300w\" sizes=\"auto, (max-width: 550px) 100vw, 550px\" \/><\/p>\n<h2><strong>La cotizaci\u00f3n a la Seguridad Social<\/strong><\/h2>\n<p>Como hemos comentado, la cotizaci\u00f3n a la Seguridad Social es el tributo que se debe declarar y pagar cada mes a los trabajadores. \u00a0En el inicio de cada actividad laboral, nace la obligaci\u00f3n de este ejercicio. Comunicar el alta del trabajador es un indicador que consta que se debe cotizar.<\/p>\n<p>No obstante, la Inspecci\u00f3n de Trabajo asegura que, aunque no se d\u00e9 un comunicado de alta, estamos obligados a cotizar. La obligaci\u00f3n tiene una duraci\u00f3n igual que la que estemos ejerciendo la actividad laboral. Por lo tanto, cesar\u00e1 en el momento en que finalicemos la actividad laboral.<\/p>\n<p>Hablamos que las cantidades que se pagan son pagadas, en su mayor parte, por la propia empresa y, en un porcentaje menor, por los trabajadores.<\/p>\n<p>Tal y como hemos comentado, el pago de este tributo es declarado y realizado por la empresa, la cual ha retenido en sus n\u00f3minas la cantidad que corresponde a cada trabajador.<\/p>\n<p>Si hablamos de los aut\u00f3nomos, ellos cotizan el 26.50% de la base que corresponda y, si cotizan por baja por enfermedad, la cuota es el 29,80%. De la misma manera es, si el aut\u00f3nomo necesita tener cobertura por cese de actividad (es decir, desempleo) tendr\u00e1 que a\u00f1adir la cotizaci\u00f3n a un 2,2% m\u00e1s.<\/p>\n<p>Realmente, la Seguridad Social hace frente a los gastos que se derivan de las pensiones, asistencia sanitaria, bajas por enfermedad, maternidad\u2026 gracias a las cotizaciones a la Seguridad Social.<\/p>\n<p>Al final del art\u00edculo veremos cu\u00e1les son las bases m\u00ednimas y m\u00e1ximas que establece la Ley de Presupuesto Generales del Estado. Cada a\u00f1o, se establecen unas cantidades.<\/p>\n<h2><strong>Conceptos de cotizaci\u00f3n<\/strong><\/h2>\n<p>Los conceptos de cotizaci\u00f3n son los siguientes:<\/p>\n<ul>\n<li><strong>Contingencias comunes<\/strong>: los pagamos por la baja por enfermedad com\u00fan, maternidad y accidente no laboral.<\/li>\n<li><strong>Accidentes de trabajo y enfermedades profesionales<\/strong>: cotizamos por estas coberturas y se divide en la cotizaci\u00f3n por incapacidad temporal, los distintos tipos de invalidez, muerte y supervivencia.<\/li>\n<li><strong>Horas extraordinarias.<\/strong><\/li>\n<li><strong>Desempleo.<\/strong><\/li>\n<li><strong>FOGASA:<\/strong> Fondo de Garant\u00eda Salarial que garantiza una parte de las retribuciones impagadas de los trabajadores por motivos de insolvencia de la empresa.<\/li>\n<li><strong>Formaci\u00f3n profesional: <\/strong>es a trav\u00e9s de los cuales se financian los cursos de formaci\u00f3n, reciclaje y calificaci\u00f3n profesional de los trabajadores.<\/li>\n<\/ul>\n<h2><strong>La base de cotizaci\u00f3n<\/strong><\/h2>\n<p>La\u00a0<strong>base de cotizaci\u00f3n por\u00a0contingencias comunes<\/strong>\u00a0en la n\u00f3mina se calcula:<\/p>\n<ul>\n<li>Sumando las percepciones salariales del trabajador (salario base y todos los complementos salariales) exceptuando las horas extraordinarias.<\/li>\n<li>Las dietas, plus de transporte, de trabajo y de material no se tienen que incluir en esta suma excepto que superen el 20% del IPREM (Indicador P\u00fablico de Renta a Efectos M\u00faltiples).<\/li>\n<li>A la suma anterior se debe sumar la prorrata de pagas extras que se calcula sumando todas las pagas extras que se perciben durante el a\u00f1o y dividi\u00e9ndolas entre 12.<\/li>\n<\/ul>\n<p>En caso que necesites obtener la base de cotizaci\u00f3n por contingencias profesionales, podr\u00e1s realizarlo sumando, a la base por contingencias comunes, las horas extraordinarias.<\/p>\n<p><img loading=\"lazy\" decoding=\"async\" class=\"aligncenter wp-image-36 size-full\" src=\"https:\/\/qeso.es\/noticias\/wp-content\/uploads\/2021\/03\/3.jpg\" alt=\"\" width=\"700\" height=\"400\" srcset=\"https:\/\/qeso.es\/noticias\/wp-content\/uploads\/2021\/03\/3.jpg 700w, https:\/\/qeso.es\/noticias\/wp-content\/uploads\/2021\/03\/3-300x171.jpg 300w\" sizes=\"auto, (max-width: 700px) 100vw, 700px\" \/><\/p>\n<h2><strong>Bases m\u00ednimas y m\u00e1ximas<\/strong><\/h2>\n<p>Las cantidades m\u00ednimas y m\u00e1ximas por las que se cotizan cada a\u00f1o, viene dada anualmente por la Ley de Presupuestos Generales del Estado.<\/p>\n<p>Las bases m\u00ednimas corresponden, a los \u201ctopes\u201d por abajo por considerar que es una cantidad menor de la base y no corresponde a la realidad.<\/p>\n<p>Las bases m\u00e1ximas, nos sirven para hacer el c\u00e1lculo de X prestaciones contributivas (como puede ser el desempleo o la jubilaci\u00f3n) y, aunque hay prestaciones que tienen sus cantidades fijadas, no est\u00e1 permitido cotizar por encima de dichas bases m\u00e1ximas.<\/p>\n<p>Para la fijaci\u00f3n de estas bases existen los grupos de cotizaci\u00f3n a los que se le asigna un n\u00famero y que corresponden a las diferentes categor\u00edas profesionales.<\/p>\n<h2><strong>TOPES M\u00c1XIMO Y M\u00cdNIMO DE LAS BASES DE COTIZACI\u00d3N EN EL R\u00c9GIMEN GENERAL DE LA SEGURIDAD SOCIAL<\/strong><\/h2>\n<table>\n<tbody>\n<tr>\n<td width=\"288\"><strong>Tope M\u00ednimo (<em>euros\/mes)<\/em><\/strong><\/td>\n<td width=\"288\"><strong>Tope M\u00e1ximo (euros\/mes)<\/strong><\/td>\n<\/tr>\n<tr>\n<td width=\"288\">1.108,33<\/td>\n<td width=\"288\">4.070,10<\/td>\n<\/tr>\n<\/tbody>\n<\/table>\n<h2><strong>BASES DE COTIZACI\u00d3N PARA CONTINGENCIAS COMUNES EN EL R\u00c9GIMEN GENERAL DE LA SEGURIDAD SOCIAL 2020<\/strong><\/h2>\n<table>\n<tbody>\n<tr>\n<td width=\"86\">\n<p style=\"text-align: center;\"><strong>Grupo de cotizaci\u00f3n<\/strong><\/p>\n<\/td>\n<td style=\"text-align: center;\">\n<p style=\"text-align: center;\"><strong>Categor\u00edas profesionales<\/strong><\/p>\n<\/td>\n<td style=\"text-align: center;\">\n<p style=\"text-align: center;\"><strong>Bases m\u00ednimas<\/strong><\/p>\n<p style=\"text-align: center;\"><strong>Euros\/mes<\/strong><\/p>\n<\/td>\n<td style=\"text-align: center;\">\n<p style=\"text-align: center;\"><strong>Bases m\u00e1ximas<\/strong><\/p>\n<p style=\"text-align: center;\"><strong>Euros\/mes<\/strong><\/p>\n<\/td>\n<\/tr>\n<tr>\n<td width=\"86\">\n<p style=\"text-align: center;\"><strong>1<\/strong><\/p>\n<\/td>\n<td>\n<p style=\"text-align: center;\">Ingenieros y Licenciados. Personal de alta direcci\u00f3n no incluido en el art\u00edculo\u00a01.3.c) del\u00a0Estatuto de los Trabajadores<\/p>\n<\/td>\n<td>\n<p style=\"text-align: center;\">1.547,00<\/p>\n<\/td>\n<td style=\"text-align: center;\">4.070,10<\/td>\n<\/tr>\n<tr>\n<td width=\"86\">\n<p style=\"text-align: center;\"><strong>2<\/strong><\/p>\n<\/td>\n<td>\n<p style=\"text-align: center;\">Ingenieros T\u00e9cnicos, Peritos y Ayudantes Titulados<\/p>\n<\/td>\n<td>\n<p style=\"text-align: center;\">1.282,80<\/p>\n<\/td>\n<td>\n<p style=\"text-align: center;\">4.070,10<\/p>\n<\/td>\n<\/tr>\n<tr>\n<td width=\"86\">\n<p style=\"text-align: center;\"><strong>3<\/strong><\/p>\n<\/td>\n<td>\n<p style=\"text-align: center;\">Jefes Administrativos y de Taller<\/p>\n<\/td>\n<td>\n<p style=\"text-align: center;\">1.116,00<\/p>\n<\/td>\n<td>\n<p style=\"text-align: center;\">4.070,10<\/p>\n<\/td>\n<\/tr>\n<tr>\n<td width=\"86\">\n<p style=\"text-align: center;\"><strong>4<\/strong><\/p>\n<\/td>\n<td>\n<p style=\"text-align: center;\">Ayudantes no Titulados<\/p>\n<\/td>\n<td>\n<p style=\"text-align: center;\">1.108,33<\/p>\n<\/td>\n<td>\n<p style=\"text-align: center;\">4.070,10<\/p>\n<\/td>\n<\/tr>\n<tr>\n<td width=\"86\">\n<p style=\"text-align: center;\"><strong>5<\/strong><\/p>\n<\/td>\n<td style=\"text-align: center;\">Oficiales Administrativos<\/td>\n<td style=\"text-align: center;\">1.108,33<\/td>\n<td>\n<p style=\"text-align: center;\">4.070,10<\/p>\n<\/td>\n<\/tr>\n<tr>\n<td width=\"86\">\n<p style=\"text-align: center;\"><strong>6<\/strong><\/p>\n<\/td>\n<td style=\"text-align: center;\">\n<p style=\"text-align: center;\">Subalternos<\/p>\n<\/td>\n<td style=\"text-align: center;\">1.108,33<\/td>\n<td>\n<p style=\"text-align: center;\">4.070,10<\/p>\n<\/td>\n<\/tr>\n<tr>\n<td width=\"86\">\n<p style=\"text-align: center;\"><strong>7<\/strong><\/p>\n<\/td>\n<td style=\"text-align: center;\">\n<p style=\"text-align: center;\">Auxiliares Administrativos<\/p>\n<\/td>\n<td style=\"text-align: center;\">1.108,33<\/td>\n<td>\n<p style=\"text-align: center;\">4.070,10<\/p>\n<\/td>\n<\/tr>\n<tr>\n<td width=\"86\">\n<p style=\"text-align: center;\"><strong>8<\/strong><\/p>\n<\/td>\n<td style=\"text-align: center;\">Oficiales de primera y segunda<\/td>\n<td style=\"text-align: center;\">37,00<\/td>\n<td>\n<p style=\"text-align: center;\">135,67<\/p>\n<\/td>\n<\/tr>\n<tr>\n<td width=\"86\">\n<p style=\"text-align: center;\"><strong>9<\/strong><\/p>\n<\/td>\n<td style=\"text-align: center;\">Oficiales de tercera y Especialistas<\/td>\n<td style=\"text-align: center;\">37,00<\/td>\n<td>\n<p style=\"text-align: center;\">135,67<\/p>\n<\/td>\n<\/tr>\n<tr>\n<td width=\"86\">\n<p style=\"text-align: center;\"><strong>10<\/strong><\/p>\n<\/td>\n<td style=\"text-align: center;\">Peones<\/td>\n<td style=\"text-align: center;\">37,00<\/td>\n<td>\n<p style=\"text-align: center;\">135,67<\/p>\n<\/td>\n<\/tr>\n<tr>\n<td style=\"text-align: center;\" width=\"86\"><strong>11<\/strong><\/td>\n<td style=\"text-align: center;\">Trabajadores menores de dieciocho a\u00f1os, cualquiera que sea su categor\u00eda profesional<\/td>\n<td style=\"text-align: center;\">37,00<\/td>\n<td>\n<p style=\"text-align: center;\">135,67<\/p>\n<\/td>\n<\/tr>\n<tr>\n<td colspan=\"4\" width=\"565\"><\/td>\n<\/tr>\n<\/tbody>\n<\/table>\n<p>&nbsp;<\/p>\n<ul>\n<li>\n<h2><strong>TIPOS DE COTIZACI\u00d3N EN EL R\u00c9GIMEN GENERAL<\/strong><\/h2>\n<\/li>\n<\/ul>\n<h3><strong>&#8211; Contingencias por comunes y profesionales<\/strong><\/h3>\n<table>\n<tbody>\n<tr>\n<td rowspan=\"2\" width=\"359\">\n<p style=\"text-align: center;\"><strong>CONTINGENCIA<\/strong><\/p>\n<\/td>\n<td colspan=\"3\" width=\"468\">\n<p style=\"text-align: center;\"><strong>TIPO DE COTIZACI\u00d3N (%)<\/strong><\/p>\n<\/td>\n<\/tr>\n<tr>\n<td width=\"204\">\n<p style=\"text-align: center;\"><strong>EMPRESA<\/strong><\/p>\n<\/td>\n<td style=\"text-align: center;\" width=\"144\"><strong>TRABAJADOR<\/strong><\/td>\n<td width=\"120\">\n<p style=\"text-align: center;\"><strong>TOTAL<\/strong><\/p>\n<\/td>\n<\/tr>\n<tr>\n<td width=\"359\"><strong>Contingencias comunes<\/strong><\/td>\n<td width=\"204\">\n<p style=\"text-align: center;\">23,60<\/p>\n<\/td>\n<td style=\"text-align: center;\" width=\"144\">4,70<\/td>\n<td width=\"120\">\n<p style=\"text-align: center;\">28,30<\/p>\n<\/td>\n<\/tr>\n<tr>\n<td width=\"359\"><strong>Contingencias profesionales<\/strong><\/td>\n<td colspan=\"3\" width=\"468\">Tarifa de primas, siendo las primas resultantes a cargo exclusivo de la empresa.<\/td>\n<\/tr>\n<\/tbody>\n<\/table>\n<p>&nbsp;<\/p>\n<h3>\u00a0<strong>&#8211; Horas extraordinarias:<\/strong><\/h3>\n<table>\n<tbody>\n<tr>\n<td width=\"359\">\n<p style=\"text-align: center;\"><strong>Tipo de horas extraordinarias<\/strong><\/p>\n<\/td>\n<td colspan=\"3\" width=\"468\">\n<p style=\"text-align: center;\"><strong>TIPO DE COTIZACI\u00d3N (%)<\/strong><\/p>\n<\/td>\n<\/tr>\n<tr>\n<td width=\"359\"><strong>\u00a0<\/strong><\/td>\n<td width=\"204\">\n<p style=\"text-align: center;\"><strong>Empresa<\/strong><\/p>\n<\/td>\n<td style=\"text-align: center;\" width=\"144\"><strong>Trabajador<\/strong><\/td>\n<td width=\"120\">\n<p style=\"text-align: center;\"><strong>TOTAL<\/strong><\/p>\n<\/td>\n<\/tr>\n<tr>\n<td width=\"359\"><strong>Fuerza mayor<\/strong><\/td>\n<td width=\"204\">\n<p style=\"text-align: center;\">12,00 %<\/p>\n<\/td>\n<td style=\"text-align: center;\" width=\"144\">2,00 %<\/td>\n<td width=\"120\">\n<p style=\"text-align: center;\">14,00 %<\/p>\n<\/td>\n<\/tr>\n<tr>\n<td width=\"359\"><strong>Ordinarias<\/strong><\/td>\n<td width=\"204\">\n<p style=\"text-align: center;\">23,60 %<\/p>\n<\/td>\n<td style=\"text-align: center;\" width=\"144\">4,70 %<\/td>\n<td width=\"120\">\n<p style=\"text-align: center;\">28,30 %<\/p>\n<\/td>\n<\/tr>\n<\/tbody>\n<\/table>\n<p><strong>\u00a0<\/strong><\/p>\n<ul>\n<li>\n<h2><strong>COTIZACI\u00d3N POR DESEMPLEO, FOGASA Y FORMACI\u00d3N PROFESIONAL<\/strong><\/h2>\n<\/li>\n<\/ul>\n<h3><strong>&#8211; Bases de cotizaci\u00f3n<\/strong><\/h3>\n<p>La base de cotizaci\u00f3n por desempleo, Fondo de Garant\u00eda Salarial y formaci\u00f3n profesional, en todos los reg\u00edmenes de la Seguridad Social que tengan cubiertas tales contingencias, a excepci\u00f3n de los trabajadores incluidos en los grupos segundo y tercero del R\u00e9gimen Especial de los Trabajadores del Mar, cuya base de cotizaci\u00f3n ser\u00e1 determinada mediante orden del Ministerio de Empleo y Seguridad Social, ser\u00e1 la correspondiente a las contingencias de accidentes de trabajo y enfermedades profesionales.<\/p>\n<h3><strong>&#8211; Tipos de cotizaci\u00f3n:<\/strong><\/h3>\n<h4><strong>Desempleo<\/strong><\/h4>\n<table>\n<tbody>\n<tr>\n<td rowspan=\"2\" width=\"851\"><strong>SITUACIONES<\/strong><\/td>\n<td colspan=\"3\" width=\"504\"><strong>TIPO DE COTIZACI\u00d3N (%)<\/strong><\/td>\n<\/tr>\n<tr>\n<td width=\"144\"><strong>EMPRESA<\/strong><\/td>\n<td width=\"168\"><strong>TRABAJADOR<\/strong><\/td>\n<td width=\"192\"><strong>TOTAL<\/strong><\/td>\n<\/tr>\n<tr>\n<td width=\"851\"><strong>Contrataci\u00f3n indefinida: incluidos los contratos indefinidos a tiempo parcial y fijos discontinuos, as\u00ed como la contrataci\u00f3n de duraci\u00f3n determinada en las modalidades de contratos formativos en pr\u00e1cticas y para la formaci\u00f3n y el aprendizaje, de relevo, interinidad y contratos, cualquiera que sea la modalidad utilizada, realizados con trabajadores que tengan reconocido un grado de discapacidad no inferior al 33 por ciento.<\/strong><\/td>\n<td width=\"144\">5,50<\/td>\n<td width=\"168\">1,55<\/td>\n<td width=\"192\">7,05<\/td>\n<\/tr>\n<tr>\n<td width=\"851\"><strong>Contrataci\u00f3n de duraci\u00f3n determinada (a tiempo completo y parcial)<\/strong><\/td>\n<td width=\"144\">6,70<\/td>\n<td width=\"168\">1,60<\/td>\n<td width=\"192\">8,30<\/td>\n<\/tr>\n<tr>\n<td width=\"851\"><strong>Transformaci\u00f3n de la contrataci\u00f3n de duraci\u00f3n determinada en contrataci\u00f3n de duraci\u00f3n indefinida<\/strong><\/td>\n<td width=\"144\">5,50<\/td>\n<td width=\"168\">1,55<\/td>\n<td width=\"192\">7,05<\/td>\n<\/tr>\n<tr>\n<td rowspan=\"2\" width=\"851\"><strong>Socios trabajadores y de trabajo de las cooperativas (Socios trabajadores de las cooperativas de trabajo asociado, los socios trabajadores de las cooperativas de explotaci\u00f3n comunitaria de la tierra, as\u00ed como los socios de trabajo de las cooperativas, incluidos en reg\u00edmenes de Seguridad Social que tienen prevista la cotizaci\u00f3n por desempleo)<\/strong><\/td>\n<td width=\"144\">5,50<\/td>\n<td width=\"168\">1,55<\/td>\n<td width=\"192\">7,05<\/p>\n<p>(si el v\u00ednculo societario con la cooperativa es indefinido)<\/td>\n<\/tr>\n<tr>\n<td width=\"144\"><strong>6,70<\/strong><\/td>\n<td width=\"168\">1,60<\/td>\n<td width=\"192\">8,30<\/p>\n<p>(si el v\u00ednculo societario con la cooperativa es de duraci\u00f3n determinada.)<\/td>\n<\/tr>\n<tr>\n<td rowspan=\"2\" width=\"851\"><strong>Colectivos con una relaci\u00f3n de servicios de car\u00e1cter temporal con las administraciones, los servicios de salud o las fuerzas armadas (Funcionarios de empleo de las administraciones p\u00fablicas, el personal con nombramiento estatutario temporal de los servicios de salud, los militares de complemento y los militares de tropa y mariner\u00eda de las fuerzas armadas que mantienen una relaci\u00f3n de servicios de car\u00e1cter temporal)<\/strong><\/td>\n<td width=\"144\">5,50<\/td>\n<td width=\"168\">1,55<\/td>\n<td width=\"192\">7,05<\/p>\n<p>(si esos servicios son de interinidad o sustituci\u00f3n)<\/p>\n<p>&nbsp;<\/td>\n<\/tr>\n<tr>\n<td width=\"144\"><strong>6,70<\/strong><\/td>\n<td width=\"168\">1,60<\/td>\n<td width=\"192\">8,30<\/p>\n<p>(si esos servicios son de car\u00e1cter eventual.)<\/td>\n<\/tr>\n<tr>\n<td width=\"851\"><strong>Reconocimiento de discapacidad durante la vigencia del contrato de duraci\u00f3n determinada (a partir de la fecha en que se reconozca al trabajador un grado de discapacidad no inferior al 33 por 100).<\/strong><\/td>\n<td width=\"144\">5,50<\/td>\n<td width=\"168\">1,55<\/td>\n<td width=\"192\">7,05<\/td>\n<\/tr>\n<tr>\n<td width=\"851\"><strong>Representantes de comercio que presten servicios para varias empresas.<\/strong><\/td>\n<td colspan=\"3\" width=\"504\">Tipo de cotizaci\u00f3n por desempleo que corresponda a cada contrataci\u00f3n.<\/td>\n<\/tr>\n<tr>\n<td width=\"851\"><strong>Internos que trabajen en talleres penitenciarios y menores.<\/strong><\/td>\n<td width=\"144\">5,50<\/td>\n<td width=\"168\">1,55<\/td>\n<td width=\"192\">7,05<\/td>\n<\/tr>\n<tr>\n<td width=\"851\"><strong>Cargos p\u00fablicos y sindicales (apdo. 1.e) y f),art. 264\u00a0LGSS).<\/strong><\/td>\n<td width=\"144\">6,70<\/td>\n<td width=\"168\">1,60<\/td>\n<td width=\"192\">8,30<\/td>\n<\/tr>\n<tr>\n<td width=\"851\"><strong>Reservistas que no sea funcionario de carrera y reservistas de especial disponibilidad, cuando sean activados para prestar servicios en unidades, centros y organismos del Ministerio de Defensa.<\/strong><\/td>\n<td width=\"144\">6,70<\/td>\n<td width=\"168\">1,60<\/td>\n<td width=\"192\">8,30<\/td>\n<\/tr>\n<\/tbody>\n<\/table>\n<p><strong>\u00a0<\/strong><\/p>\n<h4><strong>Fondo de Garant\u00eda Salarial y Formaci\u00f3n Profesional<\/strong><\/h4>\n<table>\n<tbody>\n<tr>\n<td width=\"144\"><strong>\u00a0<\/strong><\/td>\n<td width=\"144\"><strong>EMPRESA<\/strong><\/td>\n<td width=\"144\"><strong>TRABAJADOR<\/strong><\/td>\n<td width=\"144\"><strong>TOTAL<\/strong><\/td>\n<\/tr>\n<tr>\n<td width=\"144\"><strong>Fondo de Garant\u00eda Salarial (FOGASA)<\/strong><\/td>\n<td width=\"144\">0,20<\/td>\n<td width=\"144\">&#8211;<\/td>\n<td width=\"144\">0,20<\/td>\n<\/tr>\n<tr>\n<td width=\"144\"><strong>Formaci\u00f3n Profesional<\/strong><\/td>\n<td width=\"144\">0,60<\/td>\n<td width=\"144\">0,10<\/td>\n<td width=\"144\">0,70<\/td>\n<\/tr>\n<\/tbody>\n<\/table>\n<p>*Todos los datos han sido sacados de la Sede de la Seguridad Social. Actualizados para el a\u00f1o 2020.<\/p>\n<h2><strong>TRABAJADORES AUT\u00d3NOMOS<\/strong><\/h2>\n<p>Para finalizar, en los trabajadores aut\u00f3nomos, la base m\u00ednima de cotizaci\u00f3n queda fijada en 2020 en 944,40 \u20ac. Y para la base m\u00e1xima, se fija en 4.070,10 \u20ac al mes, de igual manera que con el R\u00e9gimen General.<\/p>\n","protected":false},"excerpt":{"rendered":"<p>La base de cotizaci\u00f3n\u00a0es la conocida\u00a0remuneraci\u00f3n mensual\u00a0que se recibe al ser trabajador. Es la cantidad bruta,&#46;&#46;&#46;<\/p>\n","protected":false},"author":1,"featured_media":30,"comment_status":"open","ping_status":"open","sticky":false,"template":"","format":"standard","meta":{"footnotes":""},"categories":[2],"tags":[],"class_list":["post-20","post","type-post","status-publish","format-standard","has-post-thumbnail","hentry","category-consejos"],"_links":{"self":[{"href":"https:\/\/qeso.es\/noticias\/wp-json\/wp\/v2\/posts\/20","targetHints":{"allow":["GET"]}}],"collection":[{"href":"https:\/\/qeso.es\/noticias\/wp-json\/wp\/v2\/posts"}],"about":[{"href":"https:\/\/qeso.es\/noticias\/wp-json\/wp\/v2\/types\/post"}],"author":[{"embeddable":true,"href":"https:\/\/qeso.es\/noticias\/wp-json\/wp\/v2\/users\/1"}],"replies":[{"embeddable":true,"href":"https:\/\/qeso.es\/noticias\/wp-json\/wp\/v2\/comments?post=20"}],"version-history":[{"count":2,"href":"https:\/\/qeso.es\/noticias\/wp-json\/wp\/v2\/posts\/20\/revisions"}],"predecessor-version":[{"id":296,"href":"https:\/\/qeso.es\/noticias\/wp-json\/wp\/v2\/posts\/20\/revisions\/296"}],"wp:featuredmedia":[{"embeddable":true,"href":"https:\/\/qeso.es\/noticias\/wp-json\/wp\/v2\/media\/30"}],"wp:attachment":[{"href":"https:\/\/qeso.es\/noticias\/wp-json\/wp\/v2\/media?parent=20"}],"wp:term":[{"taxonomy":"category","embeddable":true,"href":"https:\/\/qeso.es\/noticias\/wp-json\/wp\/v2\/categories?post=20"},{"taxonomy":"post_tag","embeddable":true,"href":"https:\/\/qeso.es\/noticias\/wp-json\/wp\/v2\/tags?post=20"}],"curies":[{"name":"wp","href":"https:\/\/api.w.org\/{rel}","templated":true}]}}